{"id":99,"date":"2019-08-05T15:16:48","date_gmt":"2019-08-05T15:16:48","guid":{"rendered":"http:\/\/cesycme.org\/?p=99"},"modified":"2020-01-25T19:11:55","modified_gmt":"2020-01-25T19:11:55","slug":"vision-del-cesycme","status":"publish","type":"post","link":"http:\/\/cesycme.org\/index.php\/2019\/08\/05\/vision-del-cesycme\/","title":{"rendered":"Visi\u00f3n del CESYCME"},"content":{"rendered":"\n<h2 class=\"has-text-align-center wp-block-heading\">VISI\u00d3N DEL CESYCME<\/h2>\n\n\n\n<ul><li>Ser un centro de pensamiento y de generaci\u00f3n de conocimiento a nivel nacional e internacional en torno a las memorias transformadoras y la construcci\u00f3n de bienestar territorial para las comunidades.<\/li><li>Ser un interlocutor cr\u00edtico y un facilitador org\u00e1nico de tejidos y comunicaci\u00f3n entre organizaciones locales, instituciones comunitarias y la academia.<\/li><li>Ser una plataforma cultural y un espacio de formaci\u00f3n pol\u00edtico \u2013 acad\u00e9mica.<\/li><li>Ser un espacio para la gesti\u00f3n y desarrollo de proyectos de investigaci\u00f3n, acci\u00f3n \u2013colaboraci\u00f3n.<\/li><li>Ser un generador de opini\u00f3n informada sobre la coyuntura nacional y sobre lo que acontece en los territorios y las comunidades donde focalizamos nuestro trabajo.<\/li><li>Ser un espacio de formaci\u00f3n sentipensante, a trav\u00e9s de la conformaci\u00f3n de una red de afectos y saberes.<\/li><\/ul>\n\n\n\n<h2 class=\"wp-block-heading\"><strong>Principios orientadores te\u00f3ricos, metodol\u00f3gicos y \u00e9tico-pol\u00edticos<\/strong><\/h2>\n\n\n\n<p>1.&nbsp; \tPluridiversidad de pensamiento y de opciones metodol\u00f3gicas y perspectivas te\u00f3ricas en el trabajo.&nbsp;<\/p>\n\n\n\n<p>2.&nbsp; \tDialogo de saberes, conocimiento situado, anclaje territorial, interseccionalidad, transdiciplinariedad en cada uno de los procesos, proyectos y desaf\u00edos de trabajo.<\/p>\n\n\n\n<p>3.&nbsp; \tPosicionalidad pol\u00edtica cr\u00edtica frente al acontecer del pa\u00eds y amplificaci\u00f3n constante de las necesidades y desaf\u00edos locales de las organizaciones y colectivos con los que trabamos.&nbsp;<\/p>\n\n\n\n<p>4.&nbsp; \tCuidado, afecto y respeto permanente con las comunidades, las organizaciones y los colectivos, as\u00ed como autocuidado, afecto y respeto entre los miembros del equipo.<\/p>\n\n\n\n<p>5.&nbsp; \tInvestigaci\u00f3n en colaboraci\u00f3n con fines de transformaci\u00f3n local y bienestar territorial.<\/p>\n\n\n\n<p>6.&nbsp; \tReconocimiento de que el trabajo desarrollado al interior y externamente es siempre parte de un proceso formativo horizontal y transformador.<\/p>\n\n\n\n<p>7.&nbsp; \tConstrucci\u00f3n permanente de alianzas sensibles de trabajo y cooperaci\u00f3n con diversos actores.&nbsp;<\/p>\n\n\n\n<h2 class=\"wp-block-heading\"><strong>\u00bfHacia d\u00f3nde queremos proyectar nuestro trabajo?<\/strong><\/h2>\n\n\n\n<p>&#8211; El proceso de construcci\u00f3n de diversas memorias con enfoque transformador: memorias rebeldes, memorias campesinas, memorias organizativas, memorias democr\u00e1ticas, memorias ambientales, memorias del exilio, memorias disidentes, memorias estudiantiles.<\/p>\n\n\n\n<p>&#8211; La implementaci\u00f3n local del acuerdo final entre Farc y Gobierno, especialmente en los puntos 1 y 4 (Reforma Rural Integral y sustituci\u00f3n de cultivos de uso il\u00edcito).<\/p>\n\n\n\n<p>&#8211; Los procesos de soberan\u00eda alimentaria y de soberan\u00eda campesina.&nbsp;<\/p>\n\n\n\n<p>&#8211; El fortalecimiento de la participaci\u00f3n pol\u00edtica comunitaria.<\/p>\n\n\n\n<p>&#8211; La construcci\u00f3n del bienestar territorial (ordenamiento territorial, planes de desarrollo, pol\u00edtica integral para campesinos en Parques Nacionales Naturales, planes integrales de sustituci\u00f3n).<\/p>\n\n\n\n<p>&#8211; La caracterizaci\u00f3n de los despojos, paisajes y resistencias.<\/p>\n\n\n\n<p>&#8211; Las afectaciones y resistencias afro, campesinas e ind\u00edgenas.<br><\/p>\n","protected":false},"excerpt":{"rendered":"<p>VISI\u00d3N DEL CESYCME Ser un centro de pensamiento y de generaci\u00f3n de conocimiento a nivel nacional e internacional en torno a las memorias transformadoras y la construcci\u00f3n de bienestar territorial para las comunidades. Ser un interlocutor cr\u00edtico y un facilitador org\u00e1nico de tejidos y comunicaci\u00f3n entre organizaciones locales, instituciones comunitarias y la academia. Ser una [&hellip;]<\/p>\n","protected":false},"author":1,"featured_media":0,"comment_status":"open","ping_status":"open","sticky":false,"template":"","format":"standard","meta":{"_et_pb_use_builder":"off","_et_pb_old_content":"","_et_gb_content_width":"","footnotes":""},"categories":[1],"tags":[],"_links":{"self":[{"href":"http:\/\/cesycme.org\/index.php\/wp-json\/wp\/v2\/posts\/99"}],"collection":[{"href":"http:\/\/cesycme.org\/index.php\/wp-json\/wp\/v2\/posts"}],"about":[{"href":"http:\/\/cesycme.org\/index.php\/wp-json\/wp\/v2\/types\/post"}],"author":[{"embeddable":true,"href":"http:\/\/cesycme.org\/index.php\/wp-json\/wp\/v2\/users\/1"}],"replies":[{"embeddable":true,"href":"http:\/\/cesycme.org\/index.php\/wp-json\/wp\/v2\/comments?post=99"}],"version-history":[{"count":3,"href":"http:\/\/cesycme.org\/index.php\/wp-json\/wp\/v2\/posts\/99\/revisions"}],"predecessor-version":[{"id":1312,"href":"http:\/\/cesycme.org\/index.php\/wp-json\/wp\/v2\/posts\/99\/revisions\/1312"}],"wp:attachment":[{"href":"http:\/\/cesycme.org\/index.php\/wp-json\/wp\/v2\/media?parent=99"}],"wp:term":[{"taxonomy":"category","embeddable":true,"href":"http:\/\/cesycme.org\/index.php\/wp-json\/wp\/v2\/categories?post=99"},{"taxonomy":"post_tag","embeddable":true,"href":"http:\/\/cesycme.org\/index.php\/wp-json\/wp\/v2\/tags?post=99"}],"curies":[{"name":"wp","href":"https:\/\/api.w.org\/{rel}","templated":true}]}}