{"id":806,"date":"2019-10-08T15:01:24","date_gmt":"2019-10-08T15:01:24","guid":{"rendered":"http:\/\/cesycme.org\/?p=806"},"modified":"2020-01-25T20:03:48","modified_gmt":"2020-01-25T20:03:48","slug":"instituciones-comunitarias-para-la-paz-en-colombia","status":"publish","type":"post","link":"http:\/\/cesycme.org\/index.php\/2019\/10\/08\/instituciones-comunitarias-para-la-paz-en-colombia\/","title":{"rendered":"Instituciones comunitarias para la paz en Colombia"},"content":{"rendered":"\n<h2 class=\"has-text-align-center wp-block-heading\"><strong>INSTITUCIONES COMUNITARIAS PARA LA PAZ EN COLOMBIA<\/strong><\/h2>\n\n\n\n<p><\/p>\n\n\n\n<p>Instituciones comunitarias para la paz en Colombia. Esbozos te\u00f3ricos, experiencias locales y desaf\u00edos sociales.<\/p>\n\n\n\n<p><em><strong>Editado por Jefferson Jaramillo Mar\u00edn, Fabio Sa\u00fal Castro-Herrera y Daniel Ortiz Gallego<\/strong><\/em><\/p>\n\n\n\n<p>Leer completo:<\/p>\n\n\n\n<figure class=\"wp-block-embed-issuu wp-block-embed is-type-rich is-provider-issuu\"><div class=\"wp-block-embed__wrapper\">\n<div data-url=\"https:\/\/issuu.com\/cesycme\/docs\/institucionescomunitariasparalapaz\" style=\"width: 1080px; height: 763px;\" class=\"issuuembed\"><\/div><script type=\"text\/javascript\" src=\"\/\/e.issuu.com\/embed.js\" async=\"true\"><\/script>\n<\/div><\/figure>\n","protected":false},"excerpt":{"rendered":"<p>INSTITUCIONES COMUNITARIAS PARA LA PAZ EN COLOMBIA Instituciones comunitarias para la paz en Colombia. Esbozos te\u00f3ricos, experiencias locales y desaf\u00edos sociales. Editado por Jefferson Jaramillo Mar\u00edn, Fabio Sa\u00fal Castro-Herrera y Daniel Ortiz Gallego Leer completo:<\/p>\n","protected":false},"author":1,"featured_media":1140,"comment_status":"open","ping_status":"open","sticky":false,"template":"","format":"standard","meta":{"_et_pb_use_builder":"off","_et_pb_old_content":"","_et_gb_content_width":"","footnotes":""},"categories":[13],"tags":[],"_links":{"self":[{"href":"http:\/\/cesycme.org\/index.php\/wp-json\/wp\/v2\/posts\/806"}],"collection":[{"href":"http:\/\/cesycme.org\/index.php\/wp-json\/wp\/v2\/posts"}],"about":[{"href":"http:\/\/cesycme.org\/index.php\/wp-json\/wp\/v2\/types\/post"}],"author":[{"embeddable":true,"href":"http:\/\/cesycme.org\/index.php\/wp-json\/wp\/v2\/users\/1"}],"replies":[{"embeddable":true,"href":"http:\/\/cesycme.org\/index.php\/wp-json\/wp\/v2\/comments?post=806"}],"version-history":[{"count":3,"href":"http:\/\/cesycme.org\/index.php\/wp-json\/wp\/v2\/posts\/806\/revisions"}],"predecessor-version":[{"id":1359,"href":"http:\/\/cesycme.org\/index.php\/wp-json\/wp\/v2\/posts\/806\/revisions\/1359"}],"wp:featuredmedia":[{"embeddable":true,"href":"http:\/\/cesycme.org\/index.php\/wp-json\/wp\/v2\/media\/1140"}],"wp:attachment":[{"href":"http:\/\/cesycme.org\/index.php\/wp-json\/wp\/v2\/media?parent=806"}],"wp:term":[{"taxonomy":"category","embeddable":true,"href":"http:\/\/cesycme.org\/index.php\/wp-json\/wp\/v2\/categories?post=806"},{"taxonomy":"post_tag","embeddable":true,"href":"http:\/\/cesycme.org\/index.php\/wp-json\/wp\/v2\/tags?post=806"}],"curies":[{"name":"wp","href":"https:\/\/api.w.org\/{rel}","templated":true}]}}