{"id":1455,"date":"2021-10-06T00:12:00","date_gmt":"2021-10-06T00:12:00","guid":{"rendered":"http:\/\/cesycme.org\/?p=1455"},"modified":"2021-10-06T00:40:25","modified_gmt":"2021-10-06T00:40:25","slug":"identidades-afro-fuera-de-sitio-el-problema-de-ser-gaviota-en-el-guaviare","status":"publish","type":"post","link":"http:\/\/cesycme.org\/index.php\/2021\/10\/06\/identidades-afro-fuera-de-sitio-el-problema-de-ser-gaviota-en-el-guaviare\/","title":{"rendered":"IDENTIDADES AFRO FUERA DE SITIO EL PROBLEMA DE SER GAVIOTA EN EL GUAVIARE"},"content":{"rendered":"\n<p>La presente investigaci\u00f3n tuvo la intenci\u00f3n de correlacionar el comportamiento de variables de etnizaci\u00f3n en el escenario territorial amaz\u00f3nico del Guaviare, -mediante el estudio del caso de la poblaci\u00f3n negra de Calamar-, con los discursos jur\u00eddicos sobre la protecci\u00f3n especial constitucional destinada a las Comunidades Negras en Colombia y en particular, con las posibilidades de hacer efectivo su derecho fundamental al territorio. El ejercicio investigativo realizado nos permite entender que los discursos contenidos en los diferentes instrumentos jur\u00eddicos que regulan la materia, presentan una representaci\u00f3n sesgada de las comunidades negras en Colombia, lo cual dificulta la legibilidad de aquellas situadas en la Amazon\u00eda Colombiana. A su vez, puede observarse que esta dificultad plantea retos tanto para la institucionalidad como para el Consejo Comunitario Laureano Narciso Moreno, organizaci\u00f3n que se ha visto debilitada a consecuencia de la espera burocr\u00e1tica que deviene de la ambig\u00fcedad que caracteriza la aplicaci\u00f3n de la ley 70 del 93 en territorios como el departamento del Guaviare.<\/p>\n\n\n\n<figure class=\"wp-block-embed-issuu wp-block-embed is-type-rich is-provider-issuu\"><div class=\"wp-block-embed__wrapper\">\n<div data-url=\"https:\/\/issuu.com\/corporacioncesycme\/docs\/identidades_afro_fuera_de_sitio_final_1_\" style=\"width: 1080px; height: 699px;\" class=\"issuuembed\"><\/div><script type=\"text\/javascript\" src=\"\/\/e.issuu.com\/embed.js\" async=\"true\"><\/script>\n<\/div><\/figure>\n\n\n\n<p><\/p>\n","protected":false},"excerpt":{"rendered":"<p>La presente investigaci\u00f3n tuvo la intenci\u00f3n de correlacionar el comportamiento de variables de etnizaci\u00f3n en el escenario territorial amaz\u00f3nico del Guaviare, -mediante el estudio del caso de la poblaci\u00f3n negra de Calamar-, con los discursos jur\u00eddicos sobre la protecci\u00f3n especial constitucional destinada a las Comunidades Negras en Colombia y en particular, con las posibilidades de [&hellip;]<\/p>\n","protected":false},"author":1,"featured_media":1476,"comment_status":"open","ping_status":"open","sticky":false,"template":"","format":"standard","meta":{"_et_pb_use_builder":"off","_et_pb_old_content":"","_et_gb_content_width":"","footnotes":""},"categories":[12],"tags":[],"_links":{"self":[{"href":"http:\/\/cesycme.org\/index.php\/wp-json\/wp\/v2\/posts\/1455"}],"collection":[{"href":"http:\/\/cesycme.org\/index.php\/wp-json\/wp\/v2\/posts"}],"about":[{"href":"http:\/\/cesycme.org\/index.php\/wp-json\/wp\/v2\/types\/post"}],"author":[{"embeddable":true,"href":"http:\/\/cesycme.org\/index.php\/wp-json\/wp\/v2\/users\/1"}],"replies":[{"embeddable":true,"href":"http:\/\/cesycme.org\/index.php\/wp-json\/wp\/v2\/comments?post=1455"}],"version-history":[{"count":3,"href":"http:\/\/cesycme.org\/index.php\/wp-json\/wp\/v2\/posts\/1455\/revisions"}],"predecessor-version":[{"id":1474,"href":"http:\/\/cesycme.org\/index.php\/wp-json\/wp\/v2\/posts\/1455\/revisions\/1474"}],"wp:featuredmedia":[{"embeddable":true,"href":"http:\/\/cesycme.org\/index.php\/wp-json\/wp\/v2\/media\/1476"}],"wp:attachment":[{"href":"http:\/\/cesycme.org\/index.php\/wp-json\/wp\/v2\/media?parent=1455"}],"wp:term":[{"taxonomy":"category","embeddable":true,"href":"http:\/\/cesycme.org\/index.php\/wp-json\/wp\/v2\/categories?post=1455"},{"taxonomy":"post_tag","embeddable":true,"href":"http:\/\/cesycme.org\/index.php\/wp-json\/wp\/v2\/tags?post=1455"}],"curies":[{"name":"wp","href":"https:\/\/api.w.org\/{rel}","templated":true}]}}